{"id":1249,"date":"2025-12-06T19:15:01","date_gmt":"2025-12-06T19:15:01","guid":{"rendered":"https:\/\/betogather.hu\/?p=1249"},"modified":"2025-12-06T19:39:19","modified_gmt":"2025-12-06T19:39:19","slug":"csendbol-szuleto-feny-2026-december-21","status":"publish","type":"post","link":"https:\/\/betogather.hu\/en\/csendbol-szuleto-feny-2026-december-21\/","title":{"rendered":"Csendb\u0151l sz\u00fclet\u0151 F\u00e9ny &#8211; 2026. december 21."},"content":{"rendered":"<figure class=\"wp-block-image size-large\"><img fetchpriority=\"high\" decoding=\"async\" width=\"1024\" height=\"379\" src=\"https:\/\/betogather.hu\/wp-content\/uploads\/2025\/12\/Betogather-csendbol-szuleto-feny-1-1024x379.jpg\" alt=\"\" class=\"wp-image-1250\" srcset=\"https:\/\/betogather.hu\/wp-content\/uploads\/2025\/12\/Betogather-csendbol-szuleto-feny-1-1024x379.jpg 1024w, https:\/\/betogather.hu\/wp-content\/uploads\/2025\/12\/Betogather-csendbol-szuleto-feny-1-300x111.jpg 300w, https:\/\/betogather.hu\/wp-content\/uploads\/2025\/12\/Betogather-csendbol-szuleto-feny-1-768x284.jpg 768w, https:\/\/betogather.hu\/wp-content\/uploads\/2025\/12\/Betogather-csendbol-szuleto-feny-1.jpg 1080w\" sizes=\"(max-width: 1024px) 100vw, 1024px\" \/><\/figure>\n\n\n\n<h3 class=\"wp-block-heading has-text-color has-link-color wp-elements-6820698e822cdf7fe5eb1c5207779ffb\" style=\"color:#504336\">Mir\u0151l sz\u00f3l ez a nap?<\/h3>\n\n\n\n<p>Az elcsendesed\u00e9sr\u0151l, a v\u00e1rakoz\u00e1sr\u00f3l, a kapcsol\u00f3d\u00e1sr\u00f3l \u00f6nmagunkhoz \u00e9s egym\u00e1shoz \u2013 testben, l\u00e9lekben, k\u00f6z\u00f6ss\u00e9gben.<\/p>\n\n\n\n<p>A BeToGather k\u00f6z\u00f6ss\u00e9ggel egy\u00fctt \u00fcnnepelj\u00fck a F\u00e9ny-, \u00e9s vele egy\u00fctt a lelk\u00fcnk \u00fajj\u00e1sz\u00fclet\u00e9s\u00e9t.&nbsp;<\/p>\n\n\n\n<p>A nap sor\u00e1n medit\u00e1ci\u00f3, besz\u00e9lget\u00e9s, k\u00f6z\u00f6ss\u00e9gi kapcsol\u00f3d\u00e1s, t\u00e1ncworkshop, zene \u00e9s vers seg\u00edtenek meg\u00e9rkezni a csendhez \u00e9s a bels\u0151 f\u00e9ny\u00fcnkh\u00f6z.<\/p>\n\n\n\n<p>&#x1f49b; A folyamat r\u00e9szek\u00e9nt megtapasztalhatod a Szeretet Folyos\u00f3 k\u00fcl\u00f6nleges \u00e9lm\u00e9ny\u00e9t.<\/p>\n\n\n\n<p>A r\u00e9sztvev\u0151k k\u00e9t sort alkotnak, \u00e9s egy k\u00e9pzeletbeli folyos\u00f3t hoznak l\u00e9tre.<br>Ebben a szeretetteljes t\u00e9rben Te vagy a k\u00f6z\u00e9ppont, mik\u00f6zben lassan v\u00e9gighaladsz rajta minden tekintet, mosoly meger\u0151s\u00edt, a k\u00f6z\u00f6ss\u00e9g figyelme megtart, emel \u00e9s biztons\u00e1gban k\u00f6rbe\u00f6lel.&nbsp;<\/p>\n\n\n\n<p>A folyamatot egy k\u00f6z\u00f6sen \u00e9nekelt dal k\u00eds\u00e9ri:<\/p>\n\n\n\n<p>&#x1f3b6; \u201e\u00c1ldjanak az \u00c9giek,&nbsp;<br>F\u00e9ny k\u00eds\u00e9rjen \u00e9s Szeretet,&nbsp;<br>b\u00e1rmerre j\u00e1rsz!\u201d &#x1f3b6;<\/p>\n\n\n\n<h3 class=\"wp-block-heading has-text-color has-link-color wp-elements-944157d05cded67b61be4f8dc369cd0f\" style=\"color:#504336\">Kik lesznek az el\u0151ad\u00f3k?<\/h3>\n\n\n\n<p>Bal\u00e1zs Cs\u00f3rics<br>R\u00e9ka D\u00e9zsi<br>J\u00f3zsef Zsolt Kiss<br>Sz\u0151ke Vikt\u00f3ria Anna<br>Gil\u00e1nyi Attila<br>Halmos Eszter<br>Olgyay \u00c1d\u00e1m<br>S\u0151t\u00e9r Sarolta<br>T\u00f3th \u00c1rp\u00e1d<br>R\u00e1cz M\u00f3nika<br>Gyarmati D\u00e1niel<br>KoloSoul&nbsp;<\/p>\n\n\n\n<h3 class=\"wp-block-heading has-text-color has-link-color wp-elements-87e20e4edf6a40aeeafdedb65a835bca\" style=\"color:#504336\">Kinek sz\u00f3l az esem\u00e9ny?<\/h3>\n\n\n\n<p>&#x1f4ab;Akik szeretn\u00e9nek meg\u00e1llni \u00e9s elcsendesedni a szeretet \u00fcnnep\u00e9nek k\u00f6zeledt\u00e9vel<\/p>\n\n\n\n<p>&#x1f4ab;Akik v\u00e1gynak egy val\u00f3di k\u00f6z\u00f6ss\u00e9gi \u00e9lm\u00e9nyre<\/p>\n\n\n\n<p>&#x1f4ab;Akiket \u00e9rdekel az \u00f6nismeret, a spiritualit\u00e1s, a tudatos kapcsol\u00f3d\u00e1s<\/p>\n\n\n\n<p>&#x1f4ab;Akik m\u00e1r ismerik a BeToGather k\u00f6z\u00f6ss\u00e9get \u2013 \u00e9s azoknak is, akik most tal\u00e1lkoznak vele el\u0151sz\u00f6r<\/p>\n\n\n\n<h3 class=\"wp-block-heading has-text-color has-link-color wp-elements-79f7d372766245f67bd95c793125c513\" style=\"color:#504336\">Mi\u00e9rt \u00e9rdemes elj\u00f6nn\u00f6d?<\/h3>\n\n\n\n<p>&#x1f31f; Hogy kiszakadj kicsit a kar\u00e1csony el\u0151tti rohan\u00e1sb\u00f3l \u00e9s felt\u00f6lt\u0151dj<\/p>\n\n\n\n<p>&#x1f31f; Hogy lecsendesedj, megpihenj, \u00e9s k\u00f6zelebb ker\u00fclj \u00f6nmagadhoz<\/p>\n\n\n\n<p>&#x1f31f; Mert a csendben sz\u00fcletik meg a Bels\u0151 F\u00e9ny<\/p>\n\n\n\n<p>&#x1f31f; Mert a s\u00f6t\u00e9ts\u00e9gben egy\u00fctt lenni biztons\u00e1got ny\u00fajt&nbsp;<\/p>\n\n\n\n<p>&#x1f31f; Mert a k\u00f6z\u00f6ss\u00e9g megtart, inspir\u00e1l, emel \u00e9s gy\u00f3gy\u00edt<\/p>\n\n\n\n<p>&#x1f31f; \u00c9s mert mindannyian a F\u00e9ny hordoz\u00f3i vagyunk&nbsp;<\/p>\n\n\n\n<h3 class=\"wp-block-heading has-text-color has-link-color wp-elements-fa1f593f3117fce28acc8c8b5ecc5fce\" style=\"color:#504336\">A program r\u00f6vid \u00e1ttekint\u00e9se<\/h3>\n\n\n\n<p>&#x1f538; 9:45-t\u0151l m\u00e1r meg\u00e9rkezhetsz. Hangf\u00fcrd\u0151 \u00e9s csendes medit\u00e1ci\u00f3 az els\u0151 program&nbsp;<em>a BeToGather csapat\u00e1val<\/em><\/p>\n\n\n\n<p>&#x1f538;10:45-t\u0151l Tal\u00e1lkoz\u00e1s \u00f6nmagaddal c\u00edmmel \u00f6nismereti workshopra h\u00edvunk \u2013 vezeti:&nbsp;<em>Sz\u0151ke Vikt\u00f3ria Anna \u00e9s Halmos Eszter<\/em><\/p>\n\n\n\n<p>&#x1f538;11:00-t\u0151l \u201cMozg\u00e1sban a L\u00e9lek\u201d k\u00f6nnyed t\u00e1ncos workshop \u2013&nbsp;<em>S\u0151t\u00e9r Sarolta vezet\u00e9s\u00e9vel<\/em><\/p>\n\n\n\n<p>&#x1f538;11:20-t\u0151l 20 perc SZ\u00dcNET<\/p>\n\n\n\n<p>&#x1f538;11:40-t\u0151l Kerekasztal-besz\u00e9lget\u00e9s a BeToGather k\u00f6z\u00f6ss\u00e9gr\u0151l, a k\u00f6z\u00f6ss\u00e9g erej\u00e9r\u0151l a jelenkor id\u0151-min\u0151s\u00e9g\u00e9ben \u2013&nbsp;<em>Cs\u00f3rics Bal\u00e1zs, D\u00e9zsi R\u00e9ka, Kiss J\u00f3zsef Zsolt, Sz\u0151ke Vikt\u00f3ria Anna, Gil\u00e1nyi Attila, Halmos Eszter, Olgyay \u00c1d\u00e1m, S\u0151t\u00e9r Sarolta, T\u00f3th \u00c1rp\u00e1d, R\u00e1cz M\u00f3nika, Gyarmati D\u00e1niel<\/em><\/p>\n\n\n\n<p>&#x1f538;13:00-t\u0151l Vers \u00e9s zene \u2013&nbsp;<em>Cs\u00f3rics Bal\u00e1zs sz\u00ednm\u0171v\u00e9sz el\u0151ad\u00e1s\u00e1ban<\/em><\/p>\n\n\n\n<p>&#x1f538;13:15-14:00 EB\u00c9DSZ\u00dcNET<\/p>\n\n\n\n<p>&#x1f538;14:00-t\u0151l koncert \u2013&nbsp;<em>KoloSoul&nbsp;<\/em><\/p>\n\n\n\n<p>&#x1f538;15:00-t\u0151l Kapcsol\u00f3d\u00e1s workshop \u2013 tal\u00e1lkoz\u00e1s Sz\u00edv-t\u00e9rben, zen\u00e9vel-&nbsp;<em>Sz\u0151ke Vikt\u00f3ria Anna \u00fatmutat\u00e1s\u00e1val<\/em><\/p>\n\n\n\n<p>&#x1f538;15:30-16:00 SZ\u00dcNET<\/p>\n\n\n\n<p>&#x1f538;16:00-t\u0151l F\u00e9ny-k\u00eds\u00e9r\u0151 szertart\u00e1s \u2013 Szeretet Folyos\u00f3, k\u00f6z\u00f6s \u00e9nekl\u00e9ssel \u2013&nbsp;<em>a BeToGather csapat\u00e1val<\/em><\/p>\n\n\n\n<p>&#x1f538;17:00-t\u0151l csatlakoz\u00e1s a World Meditation Day \u2013 csend medit\u00e1ci\u00f3s programj\u00e1hoz&nbsp;<\/p>\n\n\n\n<p>&#x1f538;17:30 Hangf\u00fcrd\u0151-&nbsp;<em>a BeToGather csapat\u00e1val<\/em><\/p>\n\n\n\n<p>(<em>a programv\u00e1ltoz\u00e1s jog\u00e1t fenntartjuk<\/em>)<\/p>\n\n\n\n<p>A MagNet H\u00e1z bels\u0151 udvar\u00e1ban sz\u00e9kek \u00e9s \u00fcl\u0151p\u00e1rn\u00e1k biztos\u00edtj\u00e1k a k\u00e9nyelm\u00fcnket. A nap folyam\u00e1n lesznek csendesebb, \u00fcl\u0151s r\u00e9szek, m\u00e1skor pedig fel\u00e1llunk, megmozdulunk, t\u00e1ncolunk vagy egym\u00e1shoz kapcsol\u00f3dunk. Hozhatsz magaddal f\u00fczetet, tollat, takar\u00f3t, saj\u00e1t p\u00e1rn\u00e1t, kulacsot vagy egy kis nasit is, hogy m\u00e9g otthonosabban \u00e9rezd magad. Eb\u00e9dsz\u00fcnetben a h\u00e1z b\u00fcf\u00e9j\u00e9ben vagy a k\u00f6zeli \u00e9ttermekben tudsz majd \u00e9tkezni. \u00c9rdemes el\u0151re megn\u00e9zni, milyen lehet\u0151s\u00e9gek vannak a k\u00f6rny\u00e9ken.<\/p>\n\n\n\n<h3 class=\"wp-block-heading has-text-color has-link-color wp-elements-830900a878b9cb6962f94c1f29d424a6\" style=\"color:#504336\">&#x1f4cd; Helysz\u00edn:<\/h3>\n\n\n\n<p>MagNet K\u00f6z\u00f6ss\u00e9gi H\u00e1z, Bels\u0151 udvar<\/p>\n\n\n\n<p>Budapest, Andr\u00e1ssy \u00fat 98.<\/p>\n\n\n\n<h3 class=\"wp-block-heading has-text-color has-link-color wp-elements-18aa091036724ad218b15b00c2be77f7\" style=\"color:#504336\">&#x1f4c5; Id\u0151pont:<\/h3>\n\n\n\n<p>2025. december 21. (vas\u00e1rnap)<\/p>\n\n\n\n<p>&#x1f559; 10:00\u201318:00<\/p>\n\n\n\n<h3 class=\"wp-block-heading has-text-color has-link-color wp-elements-1376b2dd00de2083c260f711496193ba\" style=\"color:#504336\">&#x1f39f;&#xfe0f; Regisztr\u00e1ci\u00f3:<\/h3>\n\n\n\n<p>Lehet\u0151s\u00e9g lesz \u00e9l\u0151ben \u00e9s online is csatlakozni hozz\u00e1nk. A helysz\u00ednen val\u00f3 r\u00e9szv\u00e9teli lehet\u0151s\u00e9g korl\u00e1tozott, ez\u00e9rt k\u00e9r\u00fcnk, hogy mindk\u00e9t esetben a sz\u00e1nd\u00e9kod az al\u00e1bbi linken oszd meg vel\u00fcnk:<\/p>\n\n\n\n<p><a href=\"https:\/\/forms.gle\/56XvXouLV84Y5YLj7\">https:\/\/forms.gle\/56XvXouLV84Y5YLj7<\/a><\/p>\n\n\n\n<h3 class=\"wp-block-heading has-text-color has-link-color wp-elements-31bfa0034357fc164585fc7a277e3546\" style=\"color:#504336\">&#x1f570;&#xfe0f; Stream kapcsol\u00f3d\u00e1s \u2013 a Younity Hungary t\u00e1mogat\u00e1s\u00e1val:<\/h3>\n\n\n\n<p>Ha nem tudsz elj\u00f6nni az esem\u00e9nyre, az eg\u00e9sz napot \u00e9l\u0151ben k\u00f6vetheted online. Az ehhez tartoz\u00f3 linket e-mailben k\u00fcldj\u00fck \u00e9s az esem\u00e9ny oldal\u00e1n tessz\u00fck majd k\u00f6zz\u00e9. Ha nem szeretn\u00e9l lemaradni r\u00f3la, k\u00f6vesd be az esem\u00e9nyt!<\/p>\n\n\n\n<h3 class=\"wp-block-heading has-text-color has-link-color wp-elements-038030e29637e64e54b402cdb0cdd725\" style=\"color:#504336\">&#x1f39f;&#xfe0f; R\u00e9szv\u00e9teli d\u00edj:<\/h3>\n\n\n\n<p>4.000 Ft (teremb\u00e9rleti hozz\u00e1j\u00e1rul\u00e1s)<\/p>\n\n\n\n<p>Az online r\u00e9szv\u00e9tel ingyenes.<\/p>\n\n\n\n<p>&#x1f31f; Gyere, \u00e9s sz\u00fcless\u00fcnk egy\u00fctt \u00fajra a F\u00e9nnyel!<\/p>\n\n\n\n<p>&#x1f449; Csatlakozz az esem\u00e9nyhez, h\u00edvd el bar\u00e1taidat, \u00e9s t\u00f6lts\u00fck egy\u00fctt ezt a k\u00fcl\u00f6nleges napot a BeToGather k\u00f6z\u00f6ss\u00e9ggel!<\/p>\n\n\n\n<p>K\u00e9rd\u00e9s vagy tov\u00e1bbi inf\u00f3:<\/p>\n\n\n\n<p>ugyfelszolgalat@betogather.hu<\/p>\n\n\n\n<p>K\u00f6sz\u00f6nj\u00fck a Younity Hungary t\u00e1mogat\u00e1s\u00e1t!<\/p>","protected":false},"excerpt":{"rendered":"<p>Mir\u0151l sz\u00f3l ez a nap? Az elcsendesed\u00e9sr\u0151l, a v\u00e1rakoz\u00e1sr\u00f3l, a kapcsol\u00f3d\u00e1sr\u00f3l \u00f6nmagunkhoz \u00e9s egym\u00e1shoz \u2013 testben, l\u00e9lekben, k\u00f6z\u00f6ss\u00e9gben. A BeToGather k\u00f6z\u00f6ss\u00e9ggel egy\u00fctt \u00fcnnepelj\u00fck a F\u00e9ny-, \u00e9s vele egy\u00fctt a lelk\u00fcnk \u00fajj\u00e1sz\u00fclet\u00e9s\u00e9t.&nbsp; A nap sor\u00e1n medit\u00e1ci\u00f3, besz\u00e9lget\u00e9s, k\u00f6z\u00f6ss\u00e9gi kapcsol\u00f3d\u00e1s, t\u00e1ncworkshop, zene \u00e9s vers seg\u00edtenek meg\u00e9rkezni a csendhez \u00e9s a bels\u0151 f\u00e9ny\u00fcnkh\u00f6z. &#x1f49b; A folyamat r\u00e9szek\u00e9nt megtapasztalhatod [&hellip;]<\/p>","protected":false},"author":1,"featured_media":0,"comment_status":"open","ping_status":"open","sticky":false,"template":"","format":"standard","meta":{"_acf_changed":false,"footnotes":""},"categories":[1],"tags":[],"class_list":["post-1249","post","type-post","status-publish","format-standard","hentry","category-uncategorized"],"acf":[],"yoast_head":"<!-- This site is optimized with the Yoast SEO plugin v26.3 - https:\/\/yoast.com\/wordpress\/plugins\/seo\/ -->\n<title>Csendb\u0151l sz\u00fclet\u0151 F\u00e9ny - 2026. december 21. - Betogather Fesztiv\u00e1l<\/title>\n<meta name=\"robots\" content=\"index, follow, max-snippet:-1, max-image-preview:large, max-video-preview:-1\" \/>\n<link rel=\"canonical\" href=\"https:\/\/betogather.hu\/en\/csendbol-szuleto-feny-2026-december-21\/\" \/>\n<meta property=\"og:locale\" content=\"en_US\" \/>\n<meta property=\"og:type\" content=\"article\" \/>\n<meta property=\"og:title\" content=\"Csendb\u0151l sz\u00fclet\u0151 F\u00e9ny - 2026. december 21. - Betogather Fesztiv\u00e1l\" \/>\n<meta property=\"og:description\" content=\"Mir\u0151l sz\u00f3l ez a nap? Az elcsendesed\u00e9sr\u0151l, a v\u00e1rakoz\u00e1sr\u00f3l, a kapcsol\u00f3d\u00e1sr\u00f3l \u00f6nmagunkhoz \u00e9s egym\u00e1shoz \u2013 testben, l\u00e9lekben, k\u00f6z\u00f6ss\u00e9gben. A BeToGather k\u00f6z\u00f6ss\u00e9ggel egy\u00fctt \u00fcnnepelj\u00fck a F\u00e9ny-, \u00e9s vele egy\u00fctt a lelk\u00fcnk \u00fajj\u00e1sz\u00fclet\u00e9s\u00e9t.&nbsp; A nap sor\u00e1n medit\u00e1ci\u00f3, besz\u00e9lget\u00e9s, k\u00f6z\u00f6ss\u00e9gi kapcsol\u00f3d\u00e1s, t\u00e1ncworkshop, zene \u00e9s vers seg\u00edtenek meg\u00e9rkezni a csendhez \u00e9s a bels\u0151 f\u00e9ny\u00fcnkh\u00f6z. &#x1f49b; A folyamat r\u00e9szek\u00e9nt megtapasztalhatod [&hellip;]\" \/>\n<meta property=\"og:url\" content=\"https:\/\/betogather.hu\/en\/csendbol-szuleto-feny-2026-december-21\/\" \/>\n<meta property=\"og:site_name\" content=\"Betogather Fesztiv\u00e1l\" \/>\n<meta property=\"article:published_time\" content=\"2025-12-06T19:15:01+00:00\" \/>\n<meta property=\"article:modified_time\" content=\"2025-12-06T19:39:19+00:00\" \/>\n<meta property=\"og:image\" content=\"https:\/\/betogather.hu\/wp-content\/uploads\/2025\/12\/Betogather-csendbol-szuleto-feny-1.jpg\" \/>\n\t<meta property=\"og:image:width\" content=\"1080\" \/>\n\t<meta property=\"og:image:height\" content=\"400\" \/>\n\t<meta property=\"og:image:type\" content=\"image\/jpeg\" \/>\n<meta name=\"author\" content=\"betogath\" \/>\n<meta name=\"twitter:card\" content=\"summary_large_image\" \/>\n<meta name=\"twitter:label1\" content=\"Written by\" \/>\n\t<meta name=\"twitter:data1\" content=\"betogath\" \/>\n\t<meta name=\"twitter:label2\" content=\"Est. reading time\" \/>\n\t<meta name=\"twitter:data2\" content=\"4 minutes\" \/>\n<script type=\"application\/ld+json\" class=\"yoast-schema-graph\">{\"@context\":\"https:\/\/schema.org\",\"@graph\":[{\"@type\":\"Article\",\"@id\":\"https:\/\/betogather.hu\/csendbol-szuleto-feny-2026-december-21\/#article\",\"isPartOf\":{\"@id\":\"https:\/\/betogather.hu\/csendbol-szuleto-feny-2026-december-21\/\"},\"author\":{\"name\":\"betogath\",\"@id\":\"https:\/\/betogather.hu\/#\/schema\/person\/e3a2d401886d3d1e5751e358a1e6c1f0\"},\"headline\":\"Csendb\u0151l sz\u00fclet\u0151 F\u00e9ny &#8211; 2026. december 21.\",\"datePublished\":\"2025-12-06T19:15:01+00:00\",\"dateModified\":\"2025-12-06T19:39:19+00:00\",\"mainEntityOfPage\":{\"@id\":\"https:\/\/betogather.hu\/csendbol-szuleto-feny-2026-december-21\/\"},\"wordCount\":1024,\"commentCount\":0,\"publisher\":{\"@id\":\"https:\/\/betogather.hu\/#organization\"},\"image\":{\"@id\":\"https:\/\/betogather.hu\/csendbol-szuleto-feny-2026-december-21\/#primaryimage\"},\"thumbnailUrl\":\"https:\/\/betogather.hu\/wp-content\/uploads\/2025\/12\/Betogather-csendbol-szuleto-feny-1-1024x379.jpg\",\"inLanguage\":\"en-US\",\"potentialAction\":[{\"@type\":\"CommentAction\",\"name\":\"Comment\",\"target\":[\"https:\/\/betogather.hu\/csendbol-szuleto-feny-2026-december-21\/#respond\"]}]},{\"@type\":\"WebPage\",\"@id\":\"https:\/\/betogather.hu\/csendbol-szuleto-feny-2026-december-21\/\",\"url\":\"https:\/\/betogather.hu\/csendbol-szuleto-feny-2026-december-21\/\",\"name\":\"Csendb\u0151l sz\u00fclet\u0151 F\u00e9ny - 2026. december 21. - Betogather Fesztiv\u00e1l\",\"isPartOf\":{\"@id\":\"https:\/\/betogather.hu\/#website\"},\"primaryImageOfPage\":{\"@id\":\"https:\/\/betogather.hu\/csendbol-szuleto-feny-2026-december-21\/#primaryimage\"},\"image\":{\"@id\":\"https:\/\/betogather.hu\/csendbol-szuleto-feny-2026-december-21\/#primaryimage\"},\"thumbnailUrl\":\"https:\/\/betogather.hu\/wp-content\/uploads\/2025\/12\/Betogather-csendbol-szuleto-feny-1-1024x379.jpg\",\"datePublished\":\"2025-12-06T19:15:01+00:00\",\"dateModified\":\"2025-12-06T19:39:19+00:00\",\"breadcrumb\":{\"@id\":\"https:\/\/betogather.hu\/csendbol-szuleto-feny-2026-december-21\/#breadcrumb\"},\"inLanguage\":\"en-US\",\"potentialAction\":[{\"@type\":\"ReadAction\",\"target\":[\"https:\/\/betogather.hu\/csendbol-szuleto-feny-2026-december-21\/\"]}]},{\"@type\":\"ImageObject\",\"inLanguage\":\"en-US\",\"@id\":\"https:\/\/betogather.hu\/csendbol-szuleto-feny-2026-december-21\/#primaryimage\",\"url\":\"https:\/\/betogather.hu\/wp-content\/uploads\/2025\/12\/Betogather-csendbol-szuleto-feny-1-1024x379.jpg\",\"contentUrl\":\"https:\/\/betogather.hu\/wp-content\/uploads\/2025\/12\/Betogather-csendbol-szuleto-feny-1-1024x379.jpg\"},{\"@type\":\"BreadcrumbList\",\"@id\":\"https:\/\/betogather.hu\/csendbol-szuleto-feny-2026-december-21\/#breadcrumb\",\"itemListElement\":[{\"@type\":\"ListItem\",\"position\":1,\"name\":\"Kezd\u0151lap\",\"item\":\"https:\/\/betogather.hu\/\"},{\"@type\":\"ListItem\",\"position\":2,\"name\":\"Csendb\u0151l sz\u00fclet\u0151 F\u00e9ny &#8211; 2026. december 21.\"}]},{\"@type\":\"WebSite\",\"@id\":\"https:\/\/betogather.hu\/#website\",\"url\":\"https:\/\/betogather.hu\/\",\"name\":\"Betogather Fesztiv\u00e1l\",\"description\":\"Tal\u00e1lj bels\u0151 b\u00e9k\u00e9re a medit\u00e1ci\u00f3val \u00e9s m\u00e9lyedj el az \u00f6nismeretben\",\"publisher\":{\"@id\":\"https:\/\/betogather.hu\/#organization\"},\"potentialAction\":[{\"@type\":\"SearchAction\",\"target\":{\"@type\":\"EntryPoint\",\"urlTemplate\":\"https:\/\/betogather.hu\/?s={search_term_string}\"},\"query-input\":{\"@type\":\"PropertyValueSpecification\",\"valueRequired\":true,\"valueName\":\"search_term_string\"}}],\"inLanguage\":\"en-US\"},{\"@type\":\"Organization\",\"@id\":\"https:\/\/betogather.hu\/#organization\",\"name\":\"Betogather Fesztiv\u00e1l\",\"url\":\"https:\/\/betogather.hu\/\",\"logo\":{\"@type\":\"ImageObject\",\"inLanguage\":\"en-US\",\"@id\":\"https:\/\/betogather.hu\/#\/schema\/logo\/image\/\",\"url\":\"https:\/\/betogather.hu\/wp-content\/uploads\/2025\/09\/BeToGather-Fesztival-es-elvonulas.png\",\"contentUrl\":\"https:\/\/betogather.hu\/wp-content\/uploads\/2025\/09\/BeToGather-Fesztival-es-elvonulas.png\",\"width\":250,\"height\":158,\"caption\":\"Betogather Fesztiv\u00e1l\"},\"image\":{\"@id\":\"https:\/\/betogather.hu\/#\/schema\/logo\/image\/\"}},{\"@type\":\"Person\",\"@id\":\"https:\/\/betogather.hu\/#\/schema\/person\/e3a2d401886d3d1e5751e358a1e6c1f0\",\"name\":\"betogath\",\"image\":{\"@type\":\"ImageObject\",\"inLanguage\":\"en-US\",\"@id\":\"https:\/\/betogather.hu\/#\/schema\/person\/image\/\",\"url\":\"https:\/\/secure.gravatar.com\/avatar\/0f24f451b6f717f1925bae392bcf6182c4aadf7ab3aedd120f6e959ceb96b0d5?s=96&d=mm&r=g\",\"contentUrl\":\"https:\/\/secure.gravatar.com\/avatar\/0f24f451b6f717f1925bae392bcf6182c4aadf7ab3aedd120f6e959ceb96b0d5?s=96&d=mm&r=g\",\"caption\":\"betogath\"},\"sameAs\":[\"https:\/\/betogather.hu\"],\"url\":\"https:\/\/betogather.hu\/en\/author\/betogath\/\"}]}<\/script>\n<!-- \/ Yoast SEO plugin. -->","yoast_head_json":{"title":"Csendb\u0151l sz\u00fclet\u0151 F\u00e9ny - 2026. december 21. - Betogather Fesztiv\u00e1l","robots":{"index":"index","follow":"follow","max-snippet":"max-snippet:-1","max-image-preview":"max-image-preview:large","max-video-preview":"max-video-preview:-1"},"canonical":"https:\/\/betogather.hu\/en\/csendbol-szuleto-feny-2026-december-21\/","og_locale":"en_US","og_type":"article","og_title":"Csendb\u0151l sz\u00fclet\u0151 F\u00e9ny - 2026. december 21. - Betogather Fesztiv\u00e1l","og_description":"Mir\u0151l sz\u00f3l ez a nap? Az elcsendesed\u00e9sr\u0151l, a v\u00e1rakoz\u00e1sr\u00f3l, a kapcsol\u00f3d\u00e1sr\u00f3l \u00f6nmagunkhoz \u00e9s egym\u00e1shoz \u2013 testben, l\u00e9lekben, k\u00f6z\u00f6ss\u00e9gben. A BeToGather k\u00f6z\u00f6ss\u00e9ggel egy\u00fctt \u00fcnnepelj\u00fck a F\u00e9ny-, \u00e9s vele egy\u00fctt a lelk\u00fcnk \u00fajj\u00e1sz\u00fclet\u00e9s\u00e9t.&nbsp; A nap sor\u00e1n medit\u00e1ci\u00f3, besz\u00e9lget\u00e9s, k\u00f6z\u00f6ss\u00e9gi kapcsol\u00f3d\u00e1s, t\u00e1ncworkshop, zene \u00e9s vers seg\u00edtenek meg\u00e9rkezni a csendhez \u00e9s a bels\u0151 f\u00e9ny\u00fcnkh\u00f6z. &#x1f49b; A folyamat r\u00e9szek\u00e9nt megtapasztalhatod [&hellip;]","og_url":"https:\/\/betogather.hu\/en\/csendbol-szuleto-feny-2026-december-21\/","og_site_name":"Betogather Fesztiv\u00e1l","article_published_time":"2025-12-06T19:15:01+00:00","article_modified_time":"2025-12-06T19:39:19+00:00","og_image":[{"width":1080,"height":400,"url":"https:\/\/betogather.hu\/wp-content\/uploads\/2025\/12\/Betogather-csendbol-szuleto-feny-1.jpg","type":"image\/jpeg"}],"author":"betogath","twitter_card":"summary_large_image","twitter_misc":{"Written by":"betogath","Est. reading time":"4 minutes"},"schema":{"@context":"https:\/\/schema.org","@graph":[{"@type":"Article","@id":"https:\/\/betogather.hu\/csendbol-szuleto-feny-2026-december-21\/#article","isPartOf":{"@id":"https:\/\/betogather.hu\/csendbol-szuleto-feny-2026-december-21\/"},"author":{"name":"betogath","@id":"https:\/\/betogather.hu\/#\/schema\/person\/e3a2d401886d3d1e5751e358a1e6c1f0"},"headline":"Csendb\u0151l sz\u00fclet\u0151 F\u00e9ny &#8211; 2026. december 21.","datePublished":"2025-12-06T19:15:01+00:00","dateModified":"2025-12-06T19:39:19+00:00","mainEntityOfPage":{"@id":"https:\/\/betogather.hu\/csendbol-szuleto-feny-2026-december-21\/"},"wordCount":1024,"commentCount":0,"publisher":{"@id":"https:\/\/betogather.hu\/#organization"},"image":{"@id":"https:\/\/betogather.hu\/csendbol-szuleto-feny-2026-december-21\/#primaryimage"},"thumbnailUrl":"https:\/\/betogather.hu\/wp-content\/uploads\/2025\/12\/Betogather-csendbol-szuleto-feny-1-1024x379.jpg","inLanguage":"en-US","potentialAction":[{"@type":"CommentAction","name":"Comment","target":["https:\/\/betogather.hu\/csendbol-szuleto-feny-2026-december-21\/#respond"]}]},{"@type":"WebPage","@id":"https:\/\/betogather.hu\/csendbol-szuleto-feny-2026-december-21\/","url":"https:\/\/betogather.hu\/csendbol-szuleto-feny-2026-december-21\/","name":"Csendb\u0151l sz\u00fclet\u0151 F\u00e9ny - 2026. december 21. - Betogather Fesztiv\u00e1l","isPartOf":{"@id":"https:\/\/betogather.hu\/#website"},"primaryImageOfPage":{"@id":"https:\/\/betogather.hu\/csendbol-szuleto-feny-2026-december-21\/#primaryimage"},"image":{"@id":"https:\/\/betogather.hu\/csendbol-szuleto-feny-2026-december-21\/#primaryimage"},"thumbnailUrl":"https:\/\/betogather.hu\/wp-content\/uploads\/2025\/12\/Betogather-csendbol-szuleto-feny-1-1024x379.jpg","datePublished":"2025-12-06T19:15:01+00:00","dateModified":"2025-12-06T19:39:19+00:00","breadcrumb":{"@id":"https:\/\/betogather.hu\/csendbol-szuleto-feny-2026-december-21\/#breadcrumb"},"inLanguage":"en-US","potentialAction":[{"@type":"ReadAction","target":["https:\/\/betogather.hu\/csendbol-szuleto-feny-2026-december-21\/"]}]},{"@type":"ImageObject","inLanguage":"en-US","@id":"https:\/\/betogather.hu\/csendbol-szuleto-feny-2026-december-21\/#primaryimage","url":"https:\/\/betogather.hu\/wp-content\/uploads\/2025\/12\/Betogather-csendbol-szuleto-feny-1-1024x379.jpg","contentUrl":"https:\/\/betogather.hu\/wp-content\/uploads\/2025\/12\/Betogather-csendbol-szuleto-feny-1-1024x379.jpg"},{"@type":"BreadcrumbList","@id":"https:\/\/betogather.hu\/csendbol-szuleto-feny-2026-december-21\/#breadcrumb","itemListElement":[{"@type":"ListItem","position":1,"name":"Kezd\u0151lap","item":"https:\/\/betogather.hu\/"},{"@type":"ListItem","position":2,"name":"Csendb\u0151l sz\u00fclet\u0151 F\u00e9ny &#8211; 2026. december 21."}]},{"@type":"WebSite","@id":"https:\/\/betogather.hu\/#website","url":"https:\/\/betogather.hu\/","name":"Betogather Fesztiv\u00e1l","description":"Find inner peace through meditation and deepen your self-awareness","publisher":{"@id":"https:\/\/betogather.hu\/#organization"},"potentialAction":[{"@type":"SearchAction","target":{"@type":"EntryPoint","urlTemplate":"https:\/\/betogather.hu\/?s={search_term_string}"},"query-input":{"@type":"PropertyValueSpecification","valueRequired":true,"valueName":"search_term_string"}}],"inLanguage":"en-US"},{"@type":"Organization","@id":"https:\/\/betogather.hu\/#organization","name":"Betogather Fesztiv\u00e1l","url":"https:\/\/betogather.hu\/","logo":{"@type":"ImageObject","inLanguage":"en-US","@id":"https:\/\/betogather.hu\/#\/schema\/logo\/image\/","url":"https:\/\/betogather.hu\/wp-content\/uploads\/2025\/09\/BeToGather-Fesztival-es-elvonulas.png","contentUrl":"https:\/\/betogather.hu\/wp-content\/uploads\/2025\/09\/BeToGather-Fesztival-es-elvonulas.png","width":250,"height":158,"caption":"Betogather Fesztiv\u00e1l"},"image":{"@id":"https:\/\/betogather.hu\/#\/schema\/logo\/image\/"}},{"@type":"Person","@id":"https:\/\/betogather.hu\/#\/schema\/person\/e3a2d401886d3d1e5751e358a1e6c1f0","name":"betogath","image":{"@type":"ImageObject","inLanguage":"en-US","@id":"https:\/\/betogather.hu\/#\/schema\/person\/image\/","url":"https:\/\/secure.gravatar.com\/avatar\/0f24f451b6f717f1925bae392bcf6182c4aadf7ab3aedd120f6e959ceb96b0d5?s=96&d=mm&r=g","contentUrl":"https:\/\/secure.gravatar.com\/avatar\/0f24f451b6f717f1925bae392bcf6182c4aadf7ab3aedd120f6e959ceb96b0d5?s=96&d=mm&r=g","caption":"betogath"},"sameAs":["https:\/\/betogather.hu"],"url":"https:\/\/betogather.hu\/en\/author\/betogath\/"}]}},"_links":{"self":[{"href":"https:\/\/betogather.hu\/en\/wp-json\/wp\/v2\/posts\/1249","targetHints":{"allow":["GET"]}}],"collection":[{"href":"https:\/\/betogather.hu\/en\/wp-json\/wp\/v2\/posts"}],"about":[{"href":"https:\/\/betogather.hu\/en\/wp-json\/wp\/v2\/types\/post"}],"author":[{"embeddable":true,"href":"https:\/\/betogather.hu\/en\/wp-json\/wp\/v2\/users\/1"}],"replies":[{"embeddable":true,"href":"https:\/\/betogather.hu\/en\/wp-json\/wp\/v2\/comments?post=1249"}],"version-history":[{"count":0,"href":"https:\/\/betogather.hu\/en\/wp-json\/wp\/v2\/posts\/1249\/revisions"}],"wp:attachment":[{"href":"https:\/\/betogather.hu\/en\/wp-json\/wp\/v2\/media?parent=1249"}],"wp:term":[{"taxonomy":"category","embeddable":true,"href":"https:\/\/betogather.hu\/en\/wp-json\/wp\/v2\/categories?post=1249"},{"taxonomy":"post_tag","embeddable":true,"href":"https:\/\/betogather.hu\/en\/wp-json\/wp\/v2\/tags?post=1249"}],"curies":[{"name":"wp","href":"https:\/\/api.w.org\/{rel}","templated":true}]}}